{"id":5641,"date":"2021-03-14T12:53:25","date_gmt":"2021-03-14T12:53:25","guid":{"rendered":"https:\/\/www.muradiye.com.tr\/sevgiokuloncesi\/?p=5641"},"modified":"2021-03-18T20:26:59","modified_gmt":"2021-03-18T20:26:59","slug":"egitim-modeli","status":"publish","type":"post","link":"https:\/\/www.muradiye.com.tr\/sevgiokuloncesi\/egitim-modeli\/","title":{"rendered":"E\u011e\u0130T\u0130M MODEL\u0130"},"content":{"rendered":"<p>Muradiye \u00d6\u011fretim Kurumlar\u0131n\u0131n ilk basama\u011f\u0131n\u0131 olu\u015fturan anaokullar\u0131m\u0131z, 36-72 ay \u00e7ocuklar\u0131n sosyal-duygusal, zihinsel, fiziksel ve bireysel yeteneklerinin geli\u015fimine odaklanarak, \u00f6zenle yap\u0131land\u0131r\u0131lm\u0131\u015f \u00f6\u011frenme ortamlar\u0131nda sorgulamaya dayal\u0131 iddial\u0131 bir e\u011fitim program\u0131 sunmaktad\u0131r.<\/p>\n<p>Anaokullar\u0131m\u0131z, sevgi ve bilgiyi harmanlam\u0131\u015f rol model olabilen, hizmet anlay\u0131\u015f\u0131 ile manevi ve k\u00fclt\u00fcrel de\u011ferlerimizi aktarabilecek bir e\u011fitim kadrosuna sahiptir.<\/p>\n<p>Okulumuz Erken \u00c7ocukluk E\u011fitimi Yakla\u015f\u0131m\u0131, \u00e7ocuklar\u0131 t\u00fcm geli\u015fim alanlar\u0131nda desteklemeyi hedefler. Bu nedenle program\u0131m\u0131zda, akademik becerilerin yan\u0131nda toplumsal de\u011ferlere de yer verilir. Bu d\u00fc\u015f\u00fcnceyi de\u011ferler her zaman, her yerde ilkesi ile hayata ge\u00e7iririz. \u00c7ocuklar e\u011fitim program\u0131m\u0131z ile kalplerinin sesini dinlerken akl\u0131 ve d\u00fc\u015f\u00fcnceyi de dengeli bir bi\u00e7imde hayatlar\u0131na d\u00e2hil ederler. De\u011ferler b\u00fct\u00fcn uygulamalar\u0131n ayr\u0131lmaz bir par\u00e7as\u0131d\u0131r, ba\u011f\u0131ms\u0131z bir program olarak d\u00fc\u015f\u00fcn\u00fclemez. \u00d6zellikle do\u011fa temelli kurgulanm\u0131\u015f etkinlik ve e\u011fitim ortamlar\u0131 ile \u00e7ocuklar\u0131n do\u011faya dokunup hissetmesi sa\u011flan\u0131r. Bu sayede \u00e7ocu\u011fun k\u00e2inata bak\u0131\u015f\u0131 ve k\u00e2inat\u0131 yorumlay\u0131\u015f\u0131 geli\u015fir.<\/p>\n<p>E\u011fitim yakla\u015f\u0131m\u0131m\u0131zla b\u00fcy\u00fcmenin bir par\u00e7as\u0131 olarak sorumluluk duygusunda \u00e7ocuklara rehber olur. Bu sayede geli\u015fimsel olarak kendisinden beklenebilecek g\u00f6revler ve davran\u0131\u015flar desteklenir. Program \u00e7ocuklar\u0131n grup olarak hareket etmelerine imk\u00e2n verir. Birlik ve beraberlik duygusunun \u00f6n planda olmas\u0131yla da \u00e7ocuklar\u0131n i\u015fbirli\u011fi duygusunun artt\u0131r\u0131lmas\u0131 hedeflenir.<\/p>\n<p>Program\u0131m\u0131z \u00e7ocuktan beklenen sayg\u0131n\u0131n, temelde \u00f6\u011fretmeninden ve ailesinden g\u00f6rd\u00fc\u011f\u00fc \u00f6rnek davran\u0131\u015flarla geli\u015febilece\u011fine inan\u0131r. \u00c7ocuklar \u00e7evresinde g\u00f6rd\u00fc\u011f\u00fc elma, yaprak, okul, ta\u015f, kom\u015fu, kedi gibi canl\u0131 cans\u0131z b\u00fct\u00fcn varl\u0131klara sayg\u0131 g\u00f6stermeyi programla birlikte \u00f6\u011frenir. A\u011fa\u00e7lar\u0131 kucaklaman\u0131n, kar\u0131ncalara su ta\u015f\u0131man\u0131n, y\u0131ld\u0131zlar\u0131 seyretmenin, havay\u0131 koklaman\u0131n, ya\u011fmuru yakalaman\u0131n lezzetine var\u0131r.<\/p>\n<p>Erken \u00e7ocukluk ad\u0131 verilen 2-6 ya\u015f aras\u0131 d\u00f6nem ya\u015fam\u0131n temelidir. Bu d\u00f6nemde \u00e7ocu\u011fun \u00f6\u011frenme h\u0131z\u0131 \u00e7ok y\u00fcksektir. Bu d\u00f6neme \u00f6\u011frenmenin alt\u0131n \u00e7a\u011f\u0131 denir.<\/p>\n<p>Erken \u00e7ocukluk e\u011fitimi insan geli\u015fiminin ba\u015flang\u0131\u00e7 noktas\u0131d\u0131r. Bu ba\u015flang\u0131c\u0131n nerede oldu\u011fu \u00e7ok \u00f6nemlidir.<\/p>\n<p>Kurumlar\u0131m\u0131zda \u00f6\u011frencilerimize bilgi aktarmaktan \u00e7ok, \u00e7ocu\u011fun i\u00e7inde var olan yeteneklerini \u00e7\u0131karmaya ve geli\u015ftirmeye y\u00f6nelik \u00e7al\u0131\u015fmalar\u0131m\u0131z yap\u0131lmaktad\u0131r.<\/p>\n<p>\u00d6\u011frencilerimizin 21. Y\u00fczy\u0131l ya\u015fam becerileri ile donanm\u0131\u015f, milli, manevi de\u011ferleri olup vatan\u0131na, bayra\u011f\u0131na ve ailesine sahip \u00e7\u0131kan, \u00f6zg\u00fcveni yerinde, kendi i\u015fini yapabilen, yard\u0131mla\u015fmay\u0131 bilen ve arkada\u015flar\u0131 ile i\u015fbirli\u011fi i\u00e7erisinde olan, hayal d\u00fcnyas\u0131 geni\u015f bireyler olarak yeti\u015fmelerini hedefliyoruz.<\/p>\n<p>\u201cOkul\u00f6ncesinde 21.Y\u00fczy\u0131l Ya\u015fam becerileri, \u00e7ocu\u011fumuzun ba\u011f\u0131ms\u0131z ve kendine yeten bir insan olmay\u0131 \u00f6\u011frenmesinin olmazsa olmazlar\u0131d\u0131r.\u201d Ya\u015fam becerileri, bireylerin g\u00fcnl\u00fck ya\u015fam\u0131n istekleri, zorluklar\u0131 ve engelleri ile etkin bir \u015fekilde ba\u015fa \u00e7\u0131kmalar\u0131n\u0131 sa\u011flayan uyumlu ve olumlu davran\u0131\u015f becerileridir.<\/p>\n","protected":false},"excerpt":{"rendered":"<p>Muradiye \u00d6\u011fretim Kurumlar\u0131n\u0131n ilk basama\u011f\u0131n\u0131 olu\u015fturan anaokullar\u0131m\u0131z, 36-72 ay \u00e7ocuklar\u0131n sosyal-duygusal, zihinsel, fiziksel ve bireysel yeteneklerinin geli\u015fimine odaklanarak, \u00f6zenle yap\u0131land\u0131r\u0131lm\u0131\u015f \u00f6\u011frenme ortamlar\u0131nda sorgulamaya dayal\u0131 iddial\u0131 bir e\u011fitim program\u0131 sunmaktad\u0131r. Anaokullar\u0131m\u0131z, sevgi ve bilgiyi harmanlam\u0131\u015f rol model olabilen, hizmet anlay\u0131\u015f\u0131 ile manevi ve k\u00fclt\u00fcrel de\u011ferlerimizi aktarabilecek bir e\u011fitim kadrosuna sahiptir. Okulumuz Erken \u00c7ocukluk E\u011fitimi Yakla\u015f\u0131m\u0131, \u00e7ocuklar\u0131 [&hellip;]<\/p>\n","protected":false},"author":1,"featured_media":0,"comment_status":"closed","ping_status":"open","sticky":false,"template":"","format":"standard","meta":{"footnotes":""},"categories":[25],"tags":[],"class_list":["post-5641","post","type-post","status-publish","format-standard","hentry","category-egitim"],"_links":{"self":[{"href":"https:\/\/www.muradiye.com.tr\/sevgiokuloncesi\/wp-json\/wp\/v2\/posts\/5641"}],"collection":[{"href":"https:\/\/www.muradiye.com.tr\/sevgiokuloncesi\/wp-json\/wp\/v2\/posts"}],"about":[{"href":"https:\/\/www.muradiye.com.tr\/sevgiokuloncesi\/wp-json\/wp\/v2\/types\/post"}],"author":[{"embeddable":true,"href":"https:\/\/www.muradiye.com.tr\/sevgiokuloncesi\/wp-json\/wp\/v2\/users\/1"}],"replies":[{"embeddable":true,"href":"https:\/\/www.muradiye.com.tr\/sevgiokuloncesi\/wp-json\/wp\/v2\/comments?post=5641"}],"version-history":[{"count":0,"href":"https:\/\/www.muradiye.com.tr\/sevgiokuloncesi\/wp-json\/wp\/v2\/posts\/5641\/revisions"}],"wp:attachment":[{"href":"https:\/\/www.muradiye.com.tr\/sevgiokuloncesi\/wp-json\/wp\/v2\/media?parent=5641"}],"wp:term":[{"taxonomy":"category","embeddable":true,"href":"https:\/\/www.muradiye.com.tr\/sevgiokuloncesi\/wp-json\/wp\/v2\/categories?post=5641"},{"taxonomy":"post_tag","embeddable":true,"href":"https:\/\/www.muradiye.com.tr\/sevgiokuloncesi\/wp-json\/wp\/v2\/tags?post=5641"}],"curies":[{"name":"wp","href":"https:\/\/api.w.org\/{rel}","templated":true}]}}